{"id":52808,"date":"2025-10-13T13:30:24","date_gmt":"2025-10-13T13:30:24","guid":{"rendered":"https:\/\/www.tyman-international.com\/la-storia-di-reguitti-50-anniversario\/"},"modified":"2025-12-03T16:14:26","modified_gmt":"2025-12-03T16:14:26","slug":"la-storia-di-reguitti-50-anniversario","status":"publish","type":"post","link":"https:\/\/www.tyman-international.com\/de\/fokus\/reguitti-50-jaehriges-jubilaeum","title":{"rendered":"Die Geschichte von Reguitti \u2013 50-j\u00e4hriges Jubil\u00e4um"},"content":{"rendered":"\n<p>Im Jahr 2025 erreicht <strong><a href=\"https:\/\/www.tyman-international.com\/de\/unternehmen\/ueber-uns\/reguitti-hochwertige-turgriffe\/\">Reguitti<\/a> <\/strong>einen wichtigen Meilenstein: <strong>50 Jahre<\/strong> Exzellenz, Innovation und Design in der <strong>Herstellung von Griffen und Beschl\u00e4gen f\u00fcr T\u00fcren und Fenster<\/strong>. Dieses halbe Jahrhundert erz\u00e4hlt die Geschichte eines <strong>italienischen Unternehmens<\/strong>, das sich dank der Leidenschaft und des Engagements der <strong>Br\u00fcder Reguitti<\/strong> von einem kleinen Handwerksbetrieb zu einem international bekannten Namen entwickelt hat. Was als Familienprojekt im Herzen der italienischen Fertigungstradition begann, hat sich zu einem Unternehmen entwickelt, das f\u00fcr seine F\u00e4higkeit bekannt ist, Trends zu antizipieren, sich an Marktver\u00e4nderungen anzupassen und Produkte von ausgezeichneter Qualit\u00e4t zu gew\u00e4hrleisten, w\u00e4hrend es seinen urspr\u00fcnglichen Werten treu bleibt.<\/p>\n\n\n\n<h2 class=\"wp-block-heading\">Gr\u00fcndung und fr\u00fche Jahre<\/h2>\n\n\n\n<p>Die Geschichte von Reguitti begann 1955, als die Br\u00fcder Reguitti ihre erste Werkstatt gr\u00fcndeten, die sich zun\u00e4chst auf den Druckguss von Gusseisen konzentrierte. In dieser Zeit wurden die Grundlagen f\u00fcr das Unternehmen und die ersten Herausforderungen im Zusammenhang mit der handwerklichen Produktion gelegt. Erst 1975 wurde Reguitti F.lli offiziell gegr\u00fcndet, ein Produktionsunternehmen, das sich auf die Herstellung von T\u00fcr- und Fenstergriffen spezialisiert hat und den eigentlichen Startpunkt des Unternehmens markiert.<br><br>Im Jahr 1988 verzeichnete Reguitti ein bedeutendes Wachstum, das unter anderem die Erweiterung der Versandabteilung, die Verbesserung des Montagebereichs und den Bau neuer B\u00fcros umfasste. Diese Dynamik f\u00fchrte auch zur Expansion in den norwegischen Markt, was sich f\u00fcr die zuk\u00fcnftige Entwicklung des Unternehmens als entscheidend erwies. Die F\u00e4higkeit, sich an die spezifischen Bed\u00fcrfnisse dieses Marktes anzupassen, erm\u00f6glichte es Reguitti, sich erfolgreich in Skandinavien zu etablieren.<br><br>Um der wachsenden Nachfrage gerecht zu werden, verlegte Reguitti 1996 die Montage-, Versand- und Verwaltungsabteilungen in ein neues Industriegebiet in <strong>Fondi di Agnosine<\/strong>, ein Zeichen f\u00fcr die stetige Expansion des Unternehmens. Dank der Integration spezifischer Systeme f\u00fcr den skandinavischen Markt eroberte das Unternehmen \u00fcber 80 % des Marktanteils in Norwegen, eine au\u00dfergew\u00f6hnliche Leistung, die zu seiner industriellen Entwicklung beitrug.<\/p>\n\n\n\n<figure class=\"wp-block-image size-full\"><img fetchpriority=\"high\" decoding=\"async\" width=\"740\" height=\"416\" src=\"https:\/\/www.tyman-international.com\/wp-content\/uploads\/2025\/09\/plant-reguitti.jpg\" alt=\"\" class=\"wp-image-52327\" srcset=\"https:\/\/www.tyman-international.com\/wp-content\/uploads\/2025\/09\/plant-reguitti.jpg 740w, https:\/\/www.tyman-international.com\/wp-content\/uploads\/2025\/09\/plant-reguitti-300x169.jpg 300w\" sizes=\"(max-width: 740px) 100vw, 740px\" \/><\/figure>\n\n\n\n<div style=\"height:30px\" aria-hidden=\"true\" class=\"wp-block-spacer\"><\/div>\n\n\n\n<h2 class=\"wp-block-heading\">Expansion und Konsolidierung<\/h2>\n\n\n\n<p>Das Jahr 1999 markierte einen weiteren Meilenstein in der Geschichte von Reguitti: Alle Produktionsabteilungen wurden in einer modernen Anlage zusammengef\u00fchrt, die sich im selben Industriegebiet befindet, in dem das Unternehmen auch heute noch t\u00e4tig ist. Diese neue Struktur machte Reguitti noch effizienter und bereit, die Anforderungen des italienischen Marktes zu erf\u00fcllen, der zu einem seiner Hauptzielm\u00e4rkte wurde. Der Schwerpunkt verlagerte sich auf die Flexibilit\u00e4t der Produktion, ein Schl\u00fcsselelement f\u00fcr die Anpassung an die Bed\u00fcrfnisse der Hersteller von Fensterrahmen und Holzt\u00fcren.<\/p>\n\n\n\n<figure class=\"wp-block-image size-full\"><img decoding=\"async\" width=\"740\" height=\"416\" src=\"https:\/\/www.tyman-international.com\/wp-content\/uploads\/2025\/09\/reguitti-handle-spring.jpg\" alt=\"reguitti-maniglia-spring-ambientata\" class=\"wp-image-52333\" srcset=\"https:\/\/www.tyman-international.com\/wp-content\/uploads\/2025\/09\/reguitti-handle-spring.jpg 740w, https:\/\/www.tyman-international.com\/wp-content\/uploads\/2025\/09\/reguitti-handle-spring-300x169.jpg 300w\" sizes=\"(max-width: 740px) 100vw, 740px\" \/><\/figure>\n\n\n\n<h2 class=\"wp-block-heading\">Internationale Expansion: Jatec und Reguitti Inox<\/h2>\n\n\n\n<p>Im Jahr 2007 setzte Reguitti seine internationale Expansion mit der \u00dcbernahme des Handelsunternehmens <strong><a href=\"https:\/\/www.tyman-international.com\/de\/unternehmen\/ueber-uns\/jatec-luxus-turgriffe\/\">Jatec<\/a> <\/strong>in Deutschland, in der N\u00e4he von Frankfurt, fort. Diese strategische Investition st\u00e4rkte die Pr\u00e4senz des Unternehmens auf dem DACH-Markt (Deutschland, \u00d6sterreich und Schweiz), erm\u00f6glichte einen effizienteren Vertrieb seiner Produkte und festigte seine Marke auf europ\u00e4ischer Ebene.<\/p>\n\n\n\n<p>Ein weiterer wichtiger Meilenstein war 2013 die \u00dcbernahme von <strong>Tropex Design<\/strong>, wodurch Reguitti in den aufstrebenden Sektor f\u00fcr Edelstahlprodukte einsteigen konnte. Diese Investition f\u00fchrte zur Entwicklung der <strong>Reguitti Inox<\/strong>-Reihe, einer Produktlinie, die sich durch die Widerstandsf\u00e4higkeit und Eleganz des Materials auszeichnet und der wachsenden Nachfrage nach modernen und langlebigen Designl\u00f6sungen gerecht wird. Dieser \u00dcbergang erm\u00f6glichte es dem Unternehmen, sein Angebot zu erweitern und einen noch breiteren Markt anzusprechen, wobei der Fokus weiterhin auf Qualit\u00e4t und Innovation lag.<\/p>\n\n\n\n<h2 class=\"wp-block-heading\">Innovation und neue Errungenschaften<\/h2>\n\n\n\n<p>Reguittis F\u00e4higkeit, Markttrends zu antizipieren, erwies sich auch in den folgenden Jahren als entscheidend. Im Jahr 2008 brachte das Unternehmen den Griff DK mit verstellbarem Vierkant auf den Markt und bot damit eine innovative L\u00f6sung, die im Vergleich zu herk\u00f6mmlichen Produkten eine gr\u00f6\u00dfere Flexibilit\u00e4t garantiert. Diese Markteinf\u00fchrung entsprach den Anforderungen eines sich wandelnden Marktes, der zunehmend auf Individualisierung und Funktionalit\u00e4t ausgerichtet war.<\/p>\n\n\n\n<p>Im Jahr 2010 f\u00fchrte Reguitti die Minimal-Linie ein, die die wachsende Vorliebe f\u00fcr essentielles und zeitgem\u00e4\u00dfes Design widerspiegelte. Die klaren Linien und die zur\u00fcckhaltende \u00c4sthetik dieser Linie fanden sofort Anerkennung in einem Markt, der zunehmend auf modernes Design achtete.<\/p>\n\n\n\n<p>Im Jahr 2014 nutzte das Unternehmen einen weiteren wichtigen \u00e4sthetischen Trend und brachte die mattschwarze Oberfl\u00e4che auf den Markt, die schnell zu einer beliebten Wahl in der Innenarchitektur wurde. In jedem dieser F\u00e4lle geh\u00f6rte Reguitti zu den ersten, die solche Innovationen vorschlugen, wodurch sie sich einen Wettbewerbsvorteil verschafften und zu einem Ma\u00dfstab f\u00fcr andere Akteure der Branche wurden.<\/p>\n\n\n\n<h2 class=\"wp-block-heading\">\u00dcbernahme durch SchlegelGiesse und neue Entwicklungen<\/h2>\n\n\n\n<p>Im Jahr 2018 schloss sich Reguitti durch die \u00dcbernahme durch <strong>SchlegelGiesse<\/strong>, der internationalen <strong>Division der Tyman <\/strong>group, einer bedeutenden internationalen Unternehmensgruppe an. Dieses Ereignis war ein Wendepunkt f\u00fcr das Unternehmen, das dank des globalen Netzwerks von Tyman seine Pr\u00e4senz auf den internationalen M\u00e4rkten weiter ausbauen konnte. Diese \u00dcbernahme er\u00f6ffnete neue M\u00f6glichkeiten der Zusammenarbeit mit anderen Unternehmen der Gruppe und st\u00e4rkte die F\u00e4higkeit von Reguitti, innovative und ma\u00dfgeschneiderte L\u00f6sungen f\u00fcr ein immer breiteres Publikum zu entwickeln.<br><br>Im Jahr 2024 wurden die gesamte Tyman-Gruppe und ihre Marken, darunter Reguitti, vom amerikanischen multinationalen Unternehmen <strong>Quanex <\/strong>\u00fcbernommen, wodurch eine neue Gro\u00dfgruppe in der Branche mit einem Umsatz von \u00fcber 2 Milliarden Dollar entstand.<\/p>\n\n\n\n<div style=\"height:40px\" aria-hidden=\"true\" class=\"wp-block-spacer\"><\/div>\n\n\n<div class=\"wp-block-image\">\n<figure class=\"aligncenter size-large\"><img decoding=\"async\" width=\"1024\" height=\"538\" src=\"https:\/\/www.tyman-international.com\/wp-content\/uploads\/2025\/11\/focus-reguitti-50-anniversary-calendar-en-1024x538.jpg\" alt=\"focus-reguitti-50-anniversary-calendar-en\" class=\"wp-image-53121\" srcset=\"https:\/\/www.tyman-international.com\/wp-content\/uploads\/2025\/11\/focus-reguitti-50-anniversary-calendar-en-1024x538.jpg 1024w, https:\/\/www.tyman-international.com\/wp-content\/uploads\/2025\/11\/focus-reguitti-50-anniversary-calendar-en-300x158.jpg 300w, https:\/\/www.tyman-international.com\/wp-content\/uploads\/2025\/11\/focus-reguitti-50-anniversary-calendar-en-768x404.jpg 768w, https:\/\/www.tyman-international.com\/wp-content\/uploads\/2025\/11\/focus-reguitti-50-anniversary-calendar-en.jpg 1100w\" sizes=\"(max-width: 1024px) 100vw, 1024px\" \/><figcaption class=\"wp-element-caption\">Zeitleiste mit den wichtigsten Daten aus der Geschichte von Reguitti im Laufe der Jahre.<\/figcaption><\/figure><\/div>\n\n\n<div style=\"height:30px\" aria-hidden=\"true\" class=\"wp-block-spacer\"><\/div>\n\n\n\n<h2 class=\"wp-block-heading\"><strong>Heute<\/strong><\/h2>\n\n\n\n<p>F\u00fcnfzig Jahre Geschichte erz\u00e4hlen von Reguittis Wandel von einem kleinen Handwerksbetrieb zu einer f\u00fchrenden Marke im Bereich T\u00fcr- und Fensterbeschl\u00e4ge. Dank seiner Innovationskraft, seiner schnellen Reaktion auf Marktver\u00e4nderungen und seiner F\u00e4higkeit, Trends zu antizipieren, hat Reguitti seinen Ruf weltweit gefestigt. Das Jahr 2025 markiert einen wichtigen Meilenstein, ist aber auch ein neuer Ausgangspunkt f\u00fcr ein Unternehmen, das mit derselben Leidenschaft und Hingabe, die seinen bisherigen Erfolg gepr\u00e4gt haben, in die Zukunft blickt.<\/p>\n\n\n\n<p>Erleben Sie die 50-j\u00e4hrige Geschichte von Reguitti mit diesem Jubil\u00e4umsvideo noch einmal!<\/p>\n\n\n\n<div class=\"lyte-wrapper\" title=\"Reguitti - 50th Anniversary\" style=\"width:853px;max-width:100%;margin:5px auto;\"><div class=\"lyMe hidef\" id=\"WYL_nPGw-rw7FiE\" itemprop=\"video\" itemscope itemtype=\"https:\/\/schema.org\/VideoObject\"><div><meta itemprop=\"thumbnailUrl\" content=\"https:\/\/i.ytimg.com\/vi\/nPGw-rw7FiE\/maxresdefault.jpg\" \/><meta itemprop=\"embedURL\" content=\"https:\/\/www.youtube.com\/embed\/nPGw-rw7FiE\" \/><meta itemprop=\"duration\" content=\"PT1M34S\" \/><meta itemprop=\"uploadDate\" content=\"2025-12-03T16:16:47Z\" \/><\/div><div id=\"lyte_nPGw-rw7FiE\" data-src=\"https:\/\/i.ytimg.com\/vi\/nPGw-rw7FiE\/maxresdefault.jpg\" class=\"pL\"><div class=\"tC\"><div class=\"tT\" itemprop=\"name\">Reguitti - 50th Anniversary<\/div><\/div><div class=\"play\"><\/div><div class=\"ctrl\"><div class=\"Lctrl\"><\/div><div class=\"Rctrl\"><\/div><\/div><\/div><noscript><a href=\"https:\/\/youtu.be\/nPGw-rw7FiE\" rel=\"nofollow\"><img loading=\"lazy\" decoding=\"async\" src=\"https:\/\/i.ytimg.com\/vi\/nPGw-rw7FiE\/0.jpg\" alt=\"Reguitti - 50th Anniversary\" width=\"853\" height=\"460\" \/><br \/>Dieses Video auf YouTube ansehen<\/a><\/noscript><meta itemprop=\"description\" content=\"#Reguitti #Anniversary\"><\/div><\/div><div class=\"lL\" style=\"max-width:100%;width:853px;margin:5px auto;\"><\/div>\n\n\n\n<div style=\"height:50px\" aria-hidden=\"true\" class=\"wp-block-spacer\"><\/div>\n\n\n\n<p><br><\/p>\n\n\n\n<p><\/p>\n","protected":false},"excerpt":{"rendered":"<p>Verfolgen Sie die Meilensteine zur\u00fcck, die die Exzellenz der Marke Reguitti gest\u00e4rkt haben.<\/p>\n","protected":false},"author":4,"featured_media":52343,"comment_status":"closed","ping_status":"closed","sticky":false,"template":"","format":"standard","meta":{"_acf_changed":false,"footnotes":""},"categories":[2883,2877],"tags":[],"class_list":["post-52808","post","type-post","status-publish","format-standard","has-post-thumbnail","hentry","category-fokus","category-reguitti-de"],"acf":[],"_links":{"self":[{"href":"https:\/\/www.tyman-international.com\/de\/wp-json\/wp\/v2\/posts\/52808","targetHints":{"allow":["GET"]}}],"collection":[{"href":"https:\/\/www.tyman-international.com\/de\/wp-json\/wp\/v2\/posts"}],"about":[{"href":"https:\/\/www.tyman-international.com\/de\/wp-json\/wp\/v2\/types\/post"}],"author":[{"embeddable":true,"href":"https:\/\/www.tyman-international.com\/de\/wp-json\/wp\/v2\/users\/4"}],"replies":[{"embeddable":true,"href":"https:\/\/www.tyman-international.com\/de\/wp-json\/wp\/v2\/comments?post=52808"}],"version-history":[{"count":0,"href":"https:\/\/www.tyman-international.com\/de\/wp-json\/wp\/v2\/posts\/52808\/revisions"}],"wp:featuredmedia":[{"embeddable":true,"href":"https:\/\/www.tyman-international.com\/de\/wp-json\/wp\/v2\/media\/52343"}],"wp:attachment":[{"href":"https:\/\/www.tyman-international.com\/de\/wp-json\/wp\/v2\/media?parent=52808"}],"wp:term":[{"taxonomy":"category","embeddable":true,"href":"https:\/\/www.tyman-international.com\/de\/wp-json\/wp\/v2\/categories?post=52808"},{"taxonomy":"post_tag","embeddable":true,"href":"https:\/\/www.tyman-international.com\/de\/wp-json\/wp\/v2\/tags?post=52808"}],"curies":[{"name":"wp","href":"https:\/\/api.w.org\/{rel}","templated":true}]}}